{"id":4394,"date":"2016-08-27T16:25:42","date_gmt":"2016-08-27T14:25:42","guid":{"rendered":"https:\/\/www.dominique-bobst.ch\/elle-se-met-au-service-de-nobles-causes\/"},"modified":"2016-08-27T16:25:42","modified_gmt":"2016-08-27T14:25:42","slug":"elle-se-met-au-service-de-nobles-causes","status":"publish","type":"post","link":"http:\/\/www.dominique-bobst.ch\/en\/news\/elle-se-met-au-service-de-nobles-causes\/","title":{"rendered":"Elle se met au service de nobles causes"},"content":{"rendered":"\t\t<div data-elementor-type=\"wp-post\" data-elementor-id=\"4394\" class=\"elementor elementor-4394 elementor-757\" data-elementor-post-type=\"post\">\n\t\t\t\t\t\t<section class=\"elementor-section elementor-top-section elementor-element elementor-element-6b97eb4 elementor-section-boxed elementor-section-height-default elementor-section-height-default\" data-id=\"6b97eb4\" data-element_type=\"section\" data-e-type=\"section\" data-settings=\"{&quot;jet_parallax_layout_list&quot;:[{&quot;jet_parallax_layout_image&quot;:{&quot;url&quot;:&quot;&quot;,&quot;id&quot;:&quot;&quot;,&quot;size&quot;:&quot;&quot;},&quot;_id&quot;:&quot;4d59ee7&quot;,&quot;jet_parallax_layout_image_tablet&quot;:{&quot;url&quot;:&quot;&quot;,&quot;id&quot;:&quot;&quot;,&quot;size&quot;:&quot;&quot;},&quot;jet_parallax_layout_image_mobile&quot;:{&quot;url&quot;:&quot;&quot;,&quot;id&quot;:&quot;&quot;,&quot;size&quot;:&quot;&quot;},&quot;jet_parallax_layout_speed&quot;:{&quot;unit&quot;:&quot;%&quot;,&quot;size&quot;:50,&quot;sizes&quot;:[]},&quot;jet_parallax_layout_type&quot;:&quot;scroll&quot;,&quot;jet_parallax_layout_direction&quot;:&quot;1&quot;,&quot;jet_parallax_layout_fx_direction&quot;:null,&quot;jet_parallax_layout_z_index&quot;:&quot;&quot;,&quot;jet_parallax_layout_bg_x&quot;:50,&quot;jet_parallax_layout_bg_x_tablet&quot;:&quot;&quot;,&quot;jet_parallax_layout_bg_x_mobile&quot;:&quot;&quot;,&quot;jet_parallax_layout_bg_y&quot;:50,&quot;jet_parallax_layout_bg_y_tablet&quot;:&quot;&quot;,&quot;jet_parallax_layout_bg_y_mobile&quot;:&quot;&quot;,&quot;jet_parallax_layout_bg_size&quot;:&quot;auto&quot;,&quot;jet_parallax_layout_bg_size_tablet&quot;:&quot;&quot;,&quot;jet_parallax_layout_bg_size_mobile&quot;:&quot;&quot;,&quot;jet_parallax_layout_animation_prop&quot;:&quot;transform&quot;,&quot;jet_parallax_layout_on&quot;:[&quot;desktop&quot;,&quot;tablet&quot;]}]}\">\n\t\t\t\t\t\t<div class=\"elementor-container elementor-column-gap-default\">\n\t\t\t\t\t<div class=\"elementor-column elementor-col-100 elementor-top-column elementor-element elementor-element-d8e4f5f\" data-id=\"d8e4f5f\" data-element_type=\"column\" data-e-type=\"column\">\n\t\t\t<div class=\"elementor-widget-wrap elementor-element-populated\">\n\t\t\t\t\t\t<div class=\"elementor-element elementor-element-2d48a97 elementor-widget elementor-widget-text-editor\" data-id=\"2d48a97\" data-element_type=\"widget\" data-e-type=\"widget\" data-widget_type=\"text-editor.default\">\n\t\t\t\t<div class=\"elementor-widget-container\">\n\t\t\t\t\t\t\t\t\t<p><img decoding=\"async\" class=\"size-full wp-image-760 aligncenter\" src=\"http:\/\/www.dominique-bobst.ch\/wp-content\/uploads\/2021\/07\/LogoGross.png\" alt=\"\" width=\"359\" height=\"80\" title=\"\" srcset=\"https:\/\/www.dominique-bobst.ch\/wp-content\/uploads\/2021\/07\/LogoGross.png 359w, https:\/\/www.dominique-bobst.ch\/wp-content\/uploads\/2021\/07\/LogoGross-300x67.png 300w\" sizes=\"(max-width: 359px) 100vw, 359px\" \/><\/p><p style=\"margin-right: 0px; margin-bottom: 0px; margin-left: 0px; padding: 14px 0px 5px; border: 0px; font-size: 15px; line-height: 25px; color: #585858; letter-spacing: normal;\">Je suis reconnaissante \u00e0 la journaliste Francine Brunschwig qui a bross\u00e9 l\u00e0 un portrait sinc\u00e8re et sensible !<br \/>Heureuse aussi de l\u2019\u00e9clairage tout particulier qu\u2019elle a apport\u00e9 au Ladies\u2019Lunch Lausanne qui a dignement f\u00eat\u00e9 sa 50\u00e8me \u00e9dition en avril dernier en compagnie de 460 convives!<\/p><p style=\"margin-right: 0px; margin-bottom: 0px; margin-left: 0px; padding: 14px 0px 5px; border: 0px; font-size: 15px; line-height: 25px; color: #585858; letter-spacing: normal;\"><a style=\"margin: 0px; padding: 0px; border: 0px; font-weight: normal; font-style: inherit; font-size: 15px; font-family: inherit; color: #00458e;\" href=\"http:\/\/www.dominique-bobst.ch\/wp-content\/uploads\/2021\/11\/24_Heures_-_jeudi_28_avril_2016.pdf\">Article du 24 heures<\/a><\/p>\t\t\t\t\t\t\t\t<\/div>\n\t\t\t\t<\/div>\n\t\t\t\t\t<\/div>\n\t\t<\/div>\n\t\t\t\t\t<\/div>\n\t\t<\/section>\n\t\t\t\t<\/div>\n\t\t","protected":false},"excerpt":{"rendered":"<p>Je suis reconnaissante \u00e0 la journaliste Francine Brunschwig qui a bross\u00e9 l\u00e0 un portrait sinc\u00e8re et sensible !Heureuse aussi de l\u2019\u00e9clairage tout particulier qu\u2019elle a apport\u00e9 au Ladies\u2019Lunch Lausanne qui a dignement f\u00eat\u00e9 sa 50\u00e8me \u00e9dition en avril dernier en compagnie de 460 convives! Article du 24 heures<\/p>\n","protected":false},"author":4,"featured_media":3365,"comment_status":"open","ping_status":"open","sticky":false,"template":"","format":"standard","meta":{"footnotes":""},"categories":[28],"tags":[],"class_list":["post-4394","post","type-post","status-publish","format-standard","has-post-thumbnail","hentry","category-shared-times-media"],"_links":{"self":[{"href":"https:\/\/www.dominique-bobst.ch\/en\/wp-json\/wp\/v2\/posts\/4394","targetHints":{"allow":["GET"]}}],"collection":[{"href":"https:\/\/www.dominique-bobst.ch\/en\/wp-json\/wp\/v2\/posts"}],"about":[{"href":"https:\/\/www.dominique-bobst.ch\/en\/wp-json\/wp\/v2\/types\/post"}],"author":[{"embeddable":true,"href":"https:\/\/www.dominique-bobst.ch\/en\/wp-json\/wp\/v2\/users\/4"}],"replies":[{"embeddable":true,"href":"https:\/\/www.dominique-bobst.ch\/en\/wp-json\/wp\/v2\/comments?post=4394"}],"version-history":[{"count":0,"href":"https:\/\/www.dominique-bobst.ch\/en\/wp-json\/wp\/v2\/posts\/4394\/revisions"}],"wp:featuredmedia":[{"embeddable":true,"href":"https:\/\/www.dominique-bobst.ch\/en\/wp-json\/wp\/v2\/media\/3365"}],"wp:attachment":[{"href":"https:\/\/www.dominique-bobst.ch\/en\/wp-json\/wp\/v2\/media?parent=4394"}],"wp:term":[{"taxonomy":"category","embeddable":true,"href":"https:\/\/www.dominique-bobst.ch\/en\/wp-json\/wp\/v2\/categories?post=4394"},{"taxonomy":"post_tag","embeddable":true,"href":"https:\/\/www.dominique-bobst.ch\/en\/wp-json\/wp\/v2\/tags?post=4394"}],"curies":[{"name":"wp","href":"https:\/\/api.w.org\/{rel}","templated":true}]}}