{"id":4421,"date":"2015-09-01T09:03:55","date_gmt":"2015-09-01T07:03:55","guid":{"rendered":"https:\/\/www.dominique-bobst.ch\/souhaitez-vous-prendre-le-petit-dejeuner-avec-matthieu-ricard-le-dimanche-6-septembre-prochain-a-lausanne\/"},"modified":"2015-09-01T09:03:55","modified_gmt":"2015-09-01T07:03:55","slug":"souhaitez-vous-prendre-le-petit-dejeuner-avec-matthieu-ricard-le-dimanche-6-septembre-prochain-a-lausanne","status":"publish","type":"post","link":"http:\/\/www.dominique-bobst.ch\/en\/news\/souhaitez-vous-prendre-le-petit-dejeuner-avec-matthieu-ricard-le-dimanche-6-septembre-prochain-a-lausanne\/","title":{"rendered":"Souhaitez-vous prendre le petit d\u00e9jeuner avec Matthieu Ricard le dimanche 6 septembre prochain \u00e0 Lausanne ?"},"content":{"rendered":"\t\t<div data-elementor-type=\"wp-post\" data-elementor-id=\"4421\" class=\"elementor elementor-4421 elementor-947\" data-elementor-post-type=\"post\">\n\t\t\t\t\t\t<section class=\"elementor-section elementor-top-section elementor-element elementor-element-8779bce elementor-section-boxed elementor-section-height-default elementor-section-height-default\" data-id=\"8779bce\" data-element_type=\"section\" data-e-type=\"section\" data-settings=\"{&quot;jet_parallax_layout_list&quot;:[{&quot;jet_parallax_layout_image&quot;:{&quot;url&quot;:&quot;&quot;,&quot;id&quot;:&quot;&quot;,&quot;size&quot;:&quot;&quot;},&quot;_id&quot;:&quot;c14a3ed&quot;,&quot;jet_parallax_layout_image_tablet&quot;:{&quot;url&quot;:&quot;&quot;,&quot;id&quot;:&quot;&quot;,&quot;size&quot;:&quot;&quot;},&quot;jet_parallax_layout_image_mobile&quot;:{&quot;url&quot;:&quot;&quot;,&quot;id&quot;:&quot;&quot;,&quot;size&quot;:&quot;&quot;},&quot;jet_parallax_layout_speed&quot;:{&quot;unit&quot;:&quot;%&quot;,&quot;size&quot;:50,&quot;sizes&quot;:[]},&quot;jet_parallax_layout_type&quot;:&quot;scroll&quot;,&quot;jet_parallax_layout_direction&quot;:&quot;1&quot;,&quot;jet_parallax_layout_fx_direction&quot;:null,&quot;jet_parallax_layout_z_index&quot;:&quot;&quot;,&quot;jet_parallax_layout_bg_x&quot;:50,&quot;jet_parallax_layout_bg_x_tablet&quot;:&quot;&quot;,&quot;jet_parallax_layout_bg_x_mobile&quot;:&quot;&quot;,&quot;jet_parallax_layout_bg_y&quot;:50,&quot;jet_parallax_layout_bg_y_tablet&quot;:&quot;&quot;,&quot;jet_parallax_layout_bg_y_mobile&quot;:&quot;&quot;,&quot;jet_parallax_layout_bg_size&quot;:&quot;auto&quot;,&quot;jet_parallax_layout_bg_size_tablet&quot;:&quot;&quot;,&quot;jet_parallax_layout_bg_size_mobile&quot;:&quot;&quot;,&quot;jet_parallax_layout_animation_prop&quot;:&quot;transform&quot;,&quot;jet_parallax_layout_on&quot;:[&quot;desktop&quot;,&quot;tablet&quot;]}]}\">\n\t\t\t\t\t\t<div class=\"elementor-container elementor-column-gap-default\">\n\t\t\t\t\t\t<\/div>\n\t\t<\/section>\n\t\t\t\t<section class=\"elementor-section elementor-top-section elementor-element elementor-element-6b97eb4 elementor-section-boxed elementor-section-height-default elementor-section-height-default\" data-id=\"6b97eb4\" data-element_type=\"section\" data-e-type=\"section\" data-settings=\"{&quot;jet_parallax_layout_list&quot;:[{&quot;jet_parallax_layout_image&quot;:{&quot;url&quot;:&quot;&quot;,&quot;id&quot;:&quot;&quot;,&quot;size&quot;:&quot;&quot;},&quot;_id&quot;:&quot;4d59ee7&quot;,&quot;jet_parallax_layout_image_tablet&quot;:{&quot;url&quot;:&quot;&quot;,&quot;id&quot;:&quot;&quot;,&quot;size&quot;:&quot;&quot;},&quot;jet_parallax_layout_image_mobile&quot;:{&quot;url&quot;:&quot;&quot;,&quot;id&quot;:&quot;&quot;,&quot;size&quot;:&quot;&quot;},&quot;jet_parallax_layout_speed&quot;:{&quot;unit&quot;:&quot;%&quot;,&quot;size&quot;:50,&quot;sizes&quot;:[]},&quot;jet_parallax_layout_type&quot;:&quot;scroll&quot;,&quot;jet_parallax_layout_direction&quot;:&quot;1&quot;,&quot;jet_parallax_layout_fx_direction&quot;:null,&quot;jet_parallax_layout_z_index&quot;:&quot;&quot;,&quot;jet_parallax_layout_bg_x&quot;:50,&quot;jet_parallax_layout_bg_x_tablet&quot;:&quot;&quot;,&quot;jet_parallax_layout_bg_x_mobile&quot;:&quot;&quot;,&quot;jet_parallax_layout_bg_y&quot;:50,&quot;jet_parallax_layout_bg_y_tablet&quot;:&quot;&quot;,&quot;jet_parallax_layout_bg_y_mobile&quot;:&quot;&quot;,&quot;jet_parallax_layout_bg_size&quot;:&quot;auto&quot;,&quot;jet_parallax_layout_bg_size_tablet&quot;:&quot;&quot;,&quot;jet_parallax_layout_bg_size_mobile&quot;:&quot;&quot;,&quot;jet_parallax_layout_animation_prop&quot;:&quot;transform&quot;,&quot;jet_parallax_layout_on&quot;:[&quot;desktop&quot;,&quot;tablet&quot;]}]}\">\n\t\t\t\t\t\t<div class=\"elementor-container elementor-column-gap-default\">\n\t\t\t\t\t<div class=\"elementor-column elementor-col-100 elementor-top-column elementor-element elementor-element-d8e4f5f\" data-id=\"d8e4f5f\" data-element_type=\"column\" data-e-type=\"column\">\n\t\t\t<div class=\"elementor-widget-wrap elementor-element-populated\">\n\t\t\t\t\t\t<div class=\"elementor-element elementor-element-098069e elementor-widget elementor-widget-text-editor\" data-id=\"098069e\" data-element_type=\"widget\" data-e-type=\"widget\" data-widget_type=\"text-editor.default\">\n\t\t\t\t<div class=\"elementor-widget-container\">\n\t\t\t\t\t\t\t\t\t<p>Matthieu Ricard est de ces \u00eatres dont la rencontre touche celles et ceux qui ont la chance de croiser le chemin \u2026 moine bouddhiste, sage, philosophe, \u00e9crivain, photographe, conf\u00e9rencier, Docteur en g\u00e9n\u00e9tique cellulaire, tous ces attributs sont bien trop r\u00e9ducteurs pour d\u00e9crire l\u2019Homme qu\u2019il est !<br>Guid\u00e9 par l\u2019Altruisme et la Compassion comme rep\u00e8res premiers, port\u00e9 \u00e0 soutenir et encourager toute initiative personnelle, pourvu qu\u2019elle proc\u00e8de de l\u2019Amour vrai de l\u2019Autre, -je peux en t\u00e9moigner puisqu\u2019il a accept\u00e9 de Parrainer mon refuge BanObOun en Tha\u00eflande ! -, Matthieu n\u2019a eu de cesse d\u2019\u00e9tendre et de faire fructifier ses projets humanitaires dans le cadre notamment de sa Fondation Karuna-Shechen.<\/p>\n<p><\/p>\n<p><img decoding=\"async\" class=\"alignnone\" src=\"https:\/\/www.dominique-bobst.ch\/system\/storage\/143\/ab\/1\/129\/PDF_100.jpg\" alt=\"\" width=\"50\" height=\"53\" title=\"\">&nbsp; &nbsp;&nbsp; <a href=\"http:\/\/www.dominique-bobst.ch\/wp-content\/uploads\/2021\/07\/Flyer_Karuna-Shechen_1_de_2.jpg\">Flyer de la Fondation Karuna-Shechen-Page 1<\/a><\/p>\n<p><img decoding=\"async\" class=\"alignnone\" src=\"https:\/\/www.dominique-bobst.ch\/system\/storage\/143\/ab\/1\/129\/PDF_100.jpg\" alt=\"\" width=\"50\" height=\"53\" title=\"\">&nbsp; &nbsp;&nbsp; <a href=\"http:\/\/www.dominique-bobst.ch\/wp-content\/uploads\/2021\/07\/Flyer_Karuna-Shechen_2_de_2.jpg\">Flyer de la Fondation Karuna-Shechen-Page 2<\/a><\/p>\n<p>Aujourd\u2019hui, Matthieu a plus que jamais besoin de nous, pour contribuer \u00e0&nbsp; financer ses nombreux projets, et en particulier pour l\u2019aider \u00e0 reconstruire des h\u00f4pitaux, des \u00e9coles et des maisons au N\u00e9pal meurtri par les r\u00e9cents tremblements de terre !<br>Cet appel a \u00e9t\u00e9 entendu par un petit groupe d\u2019amis engag\u00e9s autour de Matthieu \u2026 voici ce qu\u2019ils vous proposent :<\/p>\n<p><\/p>\n<h4><strong>La (R)\u00e9volution int\u00e9rieure selon Matthieu Ricard !<\/strong><\/h4>\n<p>Nous avons le plaisir de vous convier \u00e0 un petit-d\u00e9jeuner avec Matthieu Ricard, le&nbsp;<strong>dimanche 6 septembre \u00e0 9h30<\/strong>&nbsp;\u00e0 Lausanne. Voir l\u2019invitation ci-jointe.<\/p>\n<p>A travers l\u2019un des th\u00e8mes fondateurs de son action, l\u2019Altruisme, Mathieu pr\u00e9sentera le programme de reconstruction de l\u2019association Karuna-Shechen pour les populations sinistr\u00e9es des s\u00e9ismes au N\u00e9pal&nbsp;<a href=\"http:\/\/karuna-shechen.org\/fr\/actualite\/nepal-earthquake-update\/\" target=\"_blank\" rel=\"noopener\">http:\/\/karuna-shechen.org\/fr\/actualite\/nepal-earthquake-update\/<\/a>. Suivront une discussion libre et la vente de quelques-unes de ses photos.<\/p>\n<p>Venez d\u00e9couvrir la personnalit\u00e9 inspirante de Matthieu \u201cancr\u00e9e dans l\u2019id\u00e9al de la compassion et dans l\u2019action\u201d.<br>Au nom de tous ceux que nous aiderons,&nbsp;<strong>MERCI de tout c\u0153ur !<\/strong><\/p>\n<p>P.S. : Participation et dons aupr\u00e8s de la Banque du L\u00e9man (Rue des Alpes 11 CP 1236, 1211 Gen\u00e8ve 1, IBAN : CH6108838208536752001 BIC : BLEMCHGG). Votre r\u00e8glement avec votre nom fera office d\u2019inscription.<br>Important : merci de pr\u00e9ciser le nom des participants et\/ou s\u2019il s\u2019agit d\u2019un don.<\/p>\n<p>MERCI de transf\u00e9rer l\u2019invitation ci-jointe \u00e0 vos amis !<\/p>\n<p><\/p>\n<p><img decoding=\"async\" class=\"alignnone\" src=\"https:\/\/www.dominique-bobst.ch\/system\/storage\/143\/ab\/1\/129\/PDF_100.jpg\" alt=\"\" width=\"50\" height=\"53\" title=\"\">&nbsp; &nbsp; <a href=\"http:\/\/www.dominique-bobst.ch\/wp-content\/uploads\/2021\/07\/InvitMR.jpg\">Invitation pour le dimanche 6 septembre 2015 avec Matthieu Ricard<\/a><\/p>\n<p><\/p>\n<p><a href=\"http:\/\/www.dominique-bobst.ch\/wp-content\/uploads\/2021\/07\/InvitMR.jpg\"><img decoding=\"async\" src=\"http:\/\/www.dominique-bobst.ch\/wp-content\/uploads\/2021\/07\/InvitMR.jpg\" alt=\"\" title=\"\"><\/a><\/p>\t\t\t\t\t\t\t\t<\/div>\n\t\t\t\t<\/div>\n\t\t\t\t\t<\/div>\n\t\t<\/div>\n\t\t\t\t\t<\/div>\n\t\t<\/section>\n\t\t\t\t<\/div>\n\t\t","protected":false},"excerpt":{"rendered":"<p>Matthieu Ricard est de ces \u00eatres dont la rencontre touche celles et ceux qui ont la chance de croiser le chemin \u2026 moine bouddhiste, sage, philosophe, \u00e9crivain, photographe, conf\u00e9rencier, Docteur en g\u00e9n\u00e9tique cellulaire, tous ces attributs sont bien trop r\u00e9ducteurs pour d\u00e9crire l\u2019Homme qu\u2019il est !Guid\u00e9 par l\u2019Altruisme et la Compassion comme rep\u00e8res premiers, port\u00e9 [&hellip;]<\/p>\n","protected":false},"author":4,"featured_media":950,"comment_status":"open","ping_status":"open","sticky":false,"template":"","format":"standard","meta":{"footnotes":""},"categories":[33],"tags":[],"class_list":["post-4421","post","type-post","status-publish","format-standard","has-post-thumbnail","hentry","category-a-new-gaze-en"],"_links":{"self":[{"href":"https:\/\/www.dominique-bobst.ch\/en\/wp-json\/wp\/v2\/posts\/4421","targetHints":{"allow":["GET"]}}],"collection":[{"href":"https:\/\/www.dominique-bobst.ch\/en\/wp-json\/wp\/v2\/posts"}],"about":[{"href":"https:\/\/www.dominique-bobst.ch\/en\/wp-json\/wp\/v2\/types\/post"}],"author":[{"embeddable":true,"href":"https:\/\/www.dominique-bobst.ch\/en\/wp-json\/wp\/v2\/users\/4"}],"replies":[{"embeddable":true,"href":"https:\/\/www.dominique-bobst.ch\/en\/wp-json\/wp\/v2\/comments?post=4421"}],"version-history":[{"count":0,"href":"https:\/\/www.dominique-bobst.ch\/en\/wp-json\/wp\/v2\/posts\/4421\/revisions"}],"wp:featuredmedia":[{"embeddable":true,"href":"https:\/\/www.dominique-bobst.ch\/en\/wp-json\/wp\/v2\/media\/950"}],"wp:attachment":[{"href":"https:\/\/www.dominique-bobst.ch\/en\/wp-json\/wp\/v2\/media?parent=4421"}],"wp:term":[{"taxonomy":"category","embeddable":true,"href":"https:\/\/www.dominique-bobst.ch\/en\/wp-json\/wp\/v2\/categories?post=4421"},{"taxonomy":"post_tag","embeddable":true,"href":"https:\/\/www.dominique-bobst.ch\/en\/wp-json\/wp\/v2\/tags?post=4421"}],"curies":[{"name":"wp","href":"https:\/\/api.w.org\/{rel}","templated":true}]}}