{"id":5846,"date":"2023-01-21T19:40:48","date_gmt":"2023-01-21T18:40:48","guid":{"rendered":"https:\/\/www.dominique-bobst.ch\/?p=5846"},"modified":"2023-01-24T18:50:36","modified_gmt":"2023-01-24T17:50:36","slug":"2023-petits-et-grands-bonheurs-pour-lan-neuf","status":"publish","type":"post","link":"http:\/\/www.dominique-bobst.ch\/en\/news\/2023-small-and-large-joys-for-this-new-year\/","title":{"rendered":"2023 Small and Large Joys for the New Year\u00a0!"},"content":{"rendered":"\n<p><em>With Philippe Ungar<\/em><\/p>\n\n\n\n<p>Friends of yesterday, today and tomorrow,<\/p>\n\n\n\n<p>In this month of January, already well underway, I wish you and all your friends a bright New Year!<\/p>\n\n\n\n<p>Our year is punctuated by the seasons, birthdays, social and family celebrations and especially by the end of year festivities.<\/p>\n\n\n\n<p>Whether cultural, purely friendly or even commercial, the ritual of greetings &#8211; birthday greetings, New Year&#8217;s greetings &#8211; expresses an impulse of benevolence, it echoes a deep desire to &#8220;wish well&#8221; for the Other.<\/p>\n\n\n\n<p>As for the tradition of giving gifts, often excessive, often decried, it also corresponds to this need to mark the link, to &#8220;say&#8221; the attachment and to express a form of gratitude towards the person for whom the gift is intended.<\/p>\n\n\n\n<p>the present.<\/p>\n\n\n\n<p>This term &#8220;present&#8221;, synonymous with gift, also translates the intention &#8211; conscious or not &#8211; of a presence to the Other, in the present, here and now.<\/p>\n\n\n\n<p>I would like to express my deepest gratitude to Philippe Ungar for the magnificent gift of his friendship, of his presence at my side, and for the moving present he is giving me through his lines!<\/p>\n\n\n\n<p>Thank you Philippe, my friend!<\/p>\n\n\n\n<p>Dominique&nbsp;<\/p>\n\n\n\n<hr class=\"wp-block-separator has-alpha-channel-opacity\" \/>\n\n\n\n<figure class=\"wp-block-pullquote has-background\" style=\"background-color:#b8462c\"><blockquote><p><strong>&#8221; There is&nbsp;a&nbsp;crack in everything,<\/strong><br><strong>that\u2019s how the light gets in&#8221;<\/strong><\/p><cite>Leonard Cohen<\/cite><\/blockquote><\/figure>\n\n\n\n<p><\/p>\n\n\n\n<p><strong>A path to the Other &#8230;<\/strong><\/p>\n\n\n\n<p>As Leonard Cohen wrote in Anthem, &#8220;There is a crack in everything, that&#8217;s how the light gets in. But it is never without trial, nor without courage, that we are confronted with this crack in the depths of ourselves. Dominique Brustlein-Bobst is one of those humans who have chosen to honor the light that passes through them.<\/p>\n\n\n\n<p>When she encountered storm and adversity, when the crack in her was widened, Dominique chose to stay the course towards the light. She has continued her philanthropic commitments in the service of those struggling with their own vulnerability.<\/p>\n\n\n\n<p>She has been involved in numerous Foundations and Associations in Switzerland and abroad related to the Living &#8211; human rights, humanitarian, education, social integration, disability, medical research, culture and arts, support to the animal cause as well as to the environment and research in renewable energies.<\/p>\n\n\n\n<p>In this way, Dominique has never stopped giving and building bridges to connect donors and recipients, to restore dignity, amplify hope and repair our planet.<\/p>\n\n\n\n<p>As a philanthropist, Dominique is an ambassador. She acts on behalf of all humans. She quietly reminds us that service on behalf of all humans is the true nobility, the one that lifts us up to greater than ourselves.<\/p>\n\n\n\n<p>It is never a question of doing everything, but of acting together, to make this crack in ourselves a path towards the other, in all lucidity.<\/p>\n\n\n\n<p>Thank you, Dominique, for showing us this path.<\/p>\n\n\n\n<p>Philippe<\/p>\n\n\n\n<p><strong>________________________<\/strong><\/p>\n\n\n\n<figure class=\"wp-block-image size-full is-resized\"><img decoding=\"async\" src=\"http:\/\/www.dominique-bobst.ch\/wp-content\/uploads\/2023\/01\/35aa14d7-fba3-f022-1ba1-2ccc447e64d5.png\" alt=\"\" class=\"wp-image-5871\" width=\"300\" title=\"\" srcset=\"https:\/\/www.dominique-bobst.ch\/wp-content\/uploads\/2023\/01\/35aa14d7-fba3-f022-1ba1-2ccc447e64d5.png 652w, https:\/\/www.dominique-bobst.ch\/wp-content\/uploads\/2023\/01\/35aa14d7-fba3-f022-1ba1-2ccc447e64d5-300x177.png 300w\" sizes=\"(max-width: 652px) 100vw, 652px\" \/><\/figure>\n\n\n\n<p><strong>About the Author<\/strong><br><em>Philippe Ungar is a writer, sound archivist and documentary film director. He was first a philosophy professor, then a radio journalist at RTS. Today, he creates audio and video archives for prestigious art collections, art foundations, companies and families who wish to transmit their history and the DNA of their values.<br><\/em><a href=\"https:\/\/www.philippeungar.com\/\" target=\"_blank\" rel=\"noopener\"><em>www.philippeungar.com<\/em><\/a>I<em>n 2017, he created Sounds Like Portraits (145 episodes to date), a podcast dedicated to creative humans. Available on Spotify and on\u00a0<\/em><a href=\"https:\/\/soundslikeportraits.com\/\" target=\"_blank\" rel=\"noopener\"><em>soundslikeportraits.com<\/em><\/a><\/p>\n\n\n\n<p><strong>If you&#8217;re interested in following this &#8220;Path to the Other&#8221;, here are some recent engagements you can support<\/strong><\/p>\n\n\n\n<hr class=\"wp-block-separator has-alpha-channel-opacity\" \/>\n\n\n\n<figure class=\"wp-block-gallery has-nested-images columns-default is-cropped wp-block-gallery-2 is-layout-flex wp-block-gallery-is-layout-flex\"><\/figure>\n\n\n\n<p><em>Click on the photos to access the projets. <\/em><\/p>\n\n\n\n<div class=\"wp-block-columns is-layout-flex wp-container-core-columns-is-layout-28f84493 wp-block-columns-is-layout-flex\">\n<div class=\"wp-block-column is-layout-flow wp-block-column-is-layout-flow\">\n<figure class=\"wp-block-image size-large\"><a href=\"http:\/\/www.dominique-bobst.ch\/wp-content\/uploads\/2023\/01\/future-starts-now-1.pdf\"><img fetchpriority=\"high\" decoding=\"async\" width=\"1024\" height=\"1024\" src=\"http:\/\/www.dominique-bobst.ch\/wp-content\/uploads\/2023\/01\/4-1-1024x1024.png\" alt=\"\" class=\"wp-image-5852\" title=\"\" srcset=\"https:\/\/www.dominique-bobst.ch\/wp-content\/uploads\/2023\/01\/4-1-1024x1024.png 1024w, https:\/\/www.dominique-bobst.ch\/wp-content\/uploads\/2023\/01\/4-1-300x300.png 300w, https:\/\/www.dominique-bobst.ch\/wp-content\/uploads\/2023\/01\/4-1-150x150.png 150w, https:\/\/www.dominique-bobst.ch\/wp-content\/uploads\/2023\/01\/4-1-768x768.png 768w, https:\/\/www.dominique-bobst.ch\/wp-content\/uploads\/2023\/01\/4-1.png 1080w\" sizes=\"(max-width: 1024px) 100vw, 1024px\" \/><\/a><figcaption class=\"wp-element-caption\">Happy to have contributed to launch the\u201c<a href=\"http:\/\/www.dominique-bobst.ch\/wp-content\/uploads\/2022\/09\/Future-Starts-Now-2.pdf\" target=\"_blank\" rel=\"noreferrer noopener\"><strong>Future starts now<\/strong><\/a>\u201d\u00a0 <br>project with the Antoine de Saint Exup\u00e9ry Youth Foundation! Discover this project which combines education and climate.\u00a0<br><a href=\"http:\/\/fasej.org\/\" target=\"_blank\" rel=\"noreferrer noopener\">www.fasej.org<\/a><br><br><em>With Bertrand Piccard et Fr\u00e9d\u00e9ric Lenoir.<\/em><\/figcaption><\/figure>\n<\/div>\n\n\n\n<div class=\"wp-block-column is-layout-flow wp-block-column-is-layout-flow\">\n<figure class=\"wp-block-image size-large\"><a href=\"http:\/\/www.dominique-bobst.ch\/wp-content\/uploads\/2023\/01\/UNHCR-linkedin.pdf\"><img decoding=\"async\" width=\"1024\" height=\"1024\" src=\"http:\/\/www.dominique-bobst.ch\/wp-content\/uploads\/2023\/01\/5-1-1024x1024.png\" alt=\"\" class=\"wp-image-5854\" title=\"\" srcset=\"https:\/\/www.dominique-bobst.ch\/wp-content\/uploads\/2023\/01\/5-1-1024x1024.png 1024w, https:\/\/www.dominique-bobst.ch\/wp-content\/uploads\/2023\/01\/5-1-300x300.png 300w, https:\/\/www.dominique-bobst.ch\/wp-content\/uploads\/2023\/01\/5-1-150x150.png 150w, https:\/\/www.dominique-bobst.ch\/wp-content\/uploads\/2023\/01\/5-1-768x768.png 768w, https:\/\/www.dominique-bobst.ch\/wp-content\/uploads\/2023\/01\/5-1.png 1080w\" sizes=\"(max-width: 1024px) 100vw, 1024px\" \/><\/a><figcaption class=\"wp-element-caption\">It was a joy to attend the Nansen Refugee Award, given to Angela Merkel for her pioneering and remarkable action in favour of Syrian refugees.<br><br><a href=\"https:\/\/www.unrefugees.org\/\" target=\"_blank\" rel=\"noreferrer noopener\">www.unrefugees.org<\/a><\/figcaption><\/figure>\n<\/div>\n\n\n\n<div class=\"wp-block-column is-layout-flow wp-block-column-is-layout-flow\">\n<figure class=\"wp-block-image size-large\"><a href=\"http:\/\/www.dominique-bobst.ch\/wp-content\/uploads\/2023\/01\/table-ronde-HEG-4.10.22-extrait-1.mp4\"><img decoding=\"async\" width=\"1024\" height=\"1024\" src=\"http:\/\/www.dominique-bobst.ch\/wp-content\/uploads\/2023\/01\/6-1-1024x1024.png\" alt=\"\" class=\"wp-image-5856\" title=\"\" srcset=\"https:\/\/www.dominique-bobst.ch\/wp-content\/uploads\/2023\/01\/6-1-1024x1024.png 1024w, https:\/\/www.dominique-bobst.ch\/wp-content\/uploads\/2023\/01\/6-1-300x300.png 300w, https:\/\/www.dominique-bobst.ch\/wp-content\/uploads\/2023\/01\/6-1-150x150.png 150w, https:\/\/www.dominique-bobst.ch\/wp-content\/uploads\/2023\/01\/6-1-768x768.png 768w, https:\/\/www.dominique-bobst.ch\/wp-content\/uploads\/2023\/01\/6-1.png 1080w\" sizes=\"(max-width: 1024px) 100vw, 1024px\" \/><\/a><figcaption class=\"wp-element-caption\">I was invited to participate in a round table discussion organised by the Haute \u00e9cole de gestion de Gen\u00e8ve &#8211; HES-SO Gen\u00e8ve as part of the fundraising training of their CAS program.\u00a0 This format put in dialogue a representative of an NGO, a fundraiser, and a patron or donor. Watch the recording!<br><a href=\"http:\/\/www.dominique-bobst.ch\/wp-content\/uploads\/2023\/01\/table-ronde-HEG-4.10.22-extrait-1.mp4\" target=\"_blank\" rel=\"noreferrer noopener\">Watch the recording.<\/a><br><a href=\"http:\/\/%20https\/\/www.hesge.ch\/\" target=\"_blank\" rel=\"noreferrer noopener\">www.hesge.ch<\/a><\/figcaption><\/figure>\n<\/div>\n<\/div>\n\n\n\n<div class=\"wp-block-columns is-layout-flex wp-container-core-columns-is-layout-28f84493 wp-block-columns-is-layout-flex\">\n<div class=\"wp-block-column is-layout-flow wp-block-column-is-layout-flow\">\n<figure class=\"wp-block-image size-large\"><a href=\"http:\/\/www.dominique-bobst.ch\/wp-content\/uploads\/2023\/01\/Fondation-Jan-Oscar.pdf\"><img loading=\"lazy\" decoding=\"async\" width=\"1024\" height=\"1024\" src=\"http:\/\/www.dominique-bobst.ch\/wp-content\/uploads\/2023\/01\/2-1-1024x1024.png\" alt=\"\" class=\"wp-image-5858\" title=\"\" srcset=\"https:\/\/www.dominique-bobst.ch\/wp-content\/uploads\/2023\/01\/2-1-1024x1024.png 1024w, https:\/\/www.dominique-bobst.ch\/wp-content\/uploads\/2023\/01\/2-1-300x300.png 300w, https:\/\/www.dominique-bobst.ch\/wp-content\/uploads\/2023\/01\/2-1-150x150.png 150w, https:\/\/www.dominique-bobst.ch\/wp-content\/uploads\/2023\/01\/2-1-768x768.png 768w, https:\/\/www.dominique-bobst.ch\/wp-content\/uploads\/2023\/01\/2-1.png 1080w\" sizes=\"(max-width: 1024px) 100vw, 1024px\" \/><\/a><figcaption class=\"wp-element-caption\">The <strong>Jan and Oscar Foundation<\/strong> has been developing social and educational projects for disadvantaged children in Thailand since 2005.\u00a0<br><br>It is distinguished by a worldwide pioneering project of recycling marine plastic waste for the sea gypsies who are the Moken. \u00a0<br><a href=\"https:\/\/www.fondationjan-oscar.ch\/\" target=\"_blank\" rel=\"noreferrer noopener\"><br>www.fondationjan-oscar.ch<\/a><\/figcaption><\/figure>\n<\/div>\n\n\n\n<div class=\"wp-block-column is-layout-flow wp-block-column-is-layout-flow\">\n<figure class=\"wp-block-image size-large\"><a href=\"http:\/\/www.dominique-bobst.ch\/wp-content\/uploads\/2023\/01\/SHE-Changes-Climate-2023-concept-note.pdf\"><img loading=\"lazy\" decoding=\"async\" width=\"1024\" height=\"1024\" src=\"http:\/\/www.dominique-bobst.ch\/wp-content\/uploads\/2023\/01\/3-1-1024x1024.png\" alt=\"\" class=\"wp-image-5860\" title=\"\" srcset=\"https:\/\/www.dominique-bobst.ch\/wp-content\/uploads\/2023\/01\/3-1-1024x1024.png 1024w, https:\/\/www.dominique-bobst.ch\/wp-content\/uploads\/2023\/01\/3-1-300x300.png 300w, https:\/\/www.dominique-bobst.ch\/wp-content\/uploads\/2023\/01\/3-1-150x150.png 150w, https:\/\/www.dominique-bobst.ch\/wp-content\/uploads\/2023\/01\/3-1-768x768.png 768w, https:\/\/www.dominique-bobst.ch\/wp-content\/uploads\/2023\/01\/3-1.png 1080w\" sizes=\"(max-width: 1024px) 100vw, 1024px\" \/><\/a><figcaption class=\"wp-element-caption\">It is a joy and an honour to be an Ambassador of SHE Changes Climate and co-signatory of the letter <a href=\"http:\/\/www.dominique-bobst.ch\/wp-content\/uploads\/2022\/09\/COP27-President-Letter_-SHE-Changes-Climate-Partners_27-September-2022.pdf\" target=\"_blank\" rel=\"noreferrer noopener\">addressed to the COP 27<\/a> <a href=\"http:\/\/www.dominique-bobst.ch\/wp-content\/uploads\/2022\/09\/COP27-President-Letter_-SHE-Changes-Climate-Partners_27-September-2022.pdf\" target=\"_blank\" rel=\"noreferrer noopener\">President<\/a>,\u00a0alongside remarkable personalities committed to our Planet Earth, such as Cherie Blair, Christiana Figueres, Emma Thompson, Bianca Jagger, Ellie Goulding, Lily Cole and Andr\u00e9 Hoffmann.<br><br><a href=\"https:\/\/www.shechangesclimate.org\/\" target=\"_blank\" rel=\"noreferrer noopener\">www.shechangesclimate.org\/\u00a0<\/a><br><br><em>With Elise Buckle.<\/em><\/figcaption><\/figure>\n<\/div>\n\n\n\n<div class=\"wp-block-column is-layout-flow wp-block-column-is-layout-flow\">\n<figure class=\"wp-block-image size-large\"><a href=\"http:\/\/www.dominique-bobst.ch\/wp-content\/uploads\/2023\/01\/soiree-bilan.pdf\"><img loading=\"lazy\" decoding=\"async\" width=\"1024\" height=\"1024\" src=\"http:\/\/www.dominique-bobst.ch\/wp-content\/uploads\/2023\/01\/1-1-1024x1024.png\" alt=\"\" class=\"wp-image-5862\" title=\"\" srcset=\"https:\/\/www.dominique-bobst.ch\/wp-content\/uploads\/2023\/01\/1-1-1024x1024.png 1024w, https:\/\/www.dominique-bobst.ch\/wp-content\/uploads\/2023\/01\/1-1-300x300.png 300w, https:\/\/www.dominique-bobst.ch\/wp-content\/uploads\/2023\/01\/1-1-150x150.png 150w, https:\/\/www.dominique-bobst.ch\/wp-content\/uploads\/2023\/01\/1-1-768x768.png 768w, https:\/\/www.dominique-bobst.ch\/wp-content\/uploads\/2023\/01\/1-1.png 1080w\" sizes=\"(max-width: 1024px) 100vw, 1024px\" \/><\/a><figcaption class=\"wp-element-caption\">Faced with environmental challenges, the oceans and coastal areas represent major issues for the entire planet. How can we better protect and restore these ecosystems? Philanthropists, scientists and companies discussed the issues, the avenues, the tools and the perspectives during the Assessment Evening.<br><a href=\"https:\/\/www.bilan.ch\/story\/la-suisse-hub-mondial-de-la-philanthropie-des-oceans-406520398784\" target=\"_blank\" rel=\"noreferrer noopener\">Read the article<\/a>\u00a0published in the December 2022 issue.\u00a0<br><a href=\"http:\/\/www.bilan.ch\/\" target=\"_blank\" rel=\"noreferrer noopener\">www.bilan.ch<\/a><\/figcaption><\/figure>\n<\/div>\n<\/div>\n\n\n\n<figure class=\"wp-block-embed is-type-video is-provider-youtube wp-block-embed-youtube wp-embed-aspect-16-9 wp-has-aspect-ratio\"><div class=\"wp-block-embed__wrapper\">\n<iframe title=\"TRAILER | Mother Teresa &amp; Me\" width=\"800\" height=\"450\" src=\"https:\/\/www.youtube.com\/embed\/mNG5eosGD6k?feature=oembed\" frameborder=\"0\" allow=\"accelerometer; autoplay; clipboard-write; encrypted-media; gyroscope; picture-in-picture; web-share\" allowfullscreen><\/iframe>\n<\/div><\/figure>\n\n\n\n<p>I had the great privilege of meeting Kamal Musale, the director of the film &#8220;Mother Teresa and Me&#8221; and Jacqueline Fritschi-Cornaz, the actress who plays the role of the Mother. &nbsp;<\/p>\n\n\n\n<p>Thank you to Jacqueline and Kamal for so generously sowing the seeds of light in our world that needs it so much! &nbsp;<\/p>\n\n\n\n<p>This remarkable work that will leave a mark on those who will have the pleasure of watching it has just been released on the screens of French-speaking Switzerland. All profits from the film will go to support charities in India (<a href=\"https:\/\/www.linkedin.com\/company\/zariya-foundation\/\" target=\"_blank\" rel=\"noreferrer noopener\">Zariya Foundation<\/a>).<\/p>\n\n\n\n<p>I highly recommend it !<\/p>\n","protected":false},"excerpt":{"rendered":"<p>With Philippe Ungar Friends of yesterday, today and tomorrow, In this month of January, already well underway, I wish you and all your friends a bright New Year! Our year is punctuated by the seasons, birthdays, social and family celebrations and especially by the end of year festivities. Whether cultural, purely friendly or even commercial, [&hellip;]<\/p>\n","protected":false},"author":6,"featured_media":5806,"comment_status":"open","ping_status":"open","sticky":false,"template":"","format":"standard","meta":{"footnotes":""},"categories":[27],"tags":[],"class_list":["post-5846","post","type-post","status-publish","format-standard","has-post-thumbnail","hentry","category-memorable-times-highlights"],"_links":{"self":[{"href":"https:\/\/www.dominique-bobst.ch\/en\/wp-json\/wp\/v2\/posts\/5846","targetHints":{"allow":["GET"]}}],"collection":[{"href":"https:\/\/www.dominique-bobst.ch\/en\/wp-json\/wp\/v2\/posts"}],"about":[{"href":"https:\/\/www.dominique-bobst.ch\/en\/wp-json\/wp\/v2\/types\/post"}],"author":[{"embeddable":true,"href":"https:\/\/www.dominique-bobst.ch\/en\/wp-json\/wp\/v2\/users\/6"}],"replies":[{"embeddable":true,"href":"https:\/\/www.dominique-bobst.ch\/en\/wp-json\/wp\/v2\/comments?post=5846"}],"version-history":[{"count":5,"href":"https:\/\/www.dominique-bobst.ch\/en\/wp-json\/wp\/v2\/posts\/5846\/revisions"}],"predecessor-version":[{"id":5873,"href":"https:\/\/www.dominique-bobst.ch\/en\/wp-json\/wp\/v2\/posts\/5846\/revisions\/5873"}],"wp:featuredmedia":[{"embeddable":true,"href":"https:\/\/www.dominique-bobst.ch\/en\/wp-json\/wp\/v2\/media\/5806"}],"wp:attachment":[{"href":"https:\/\/www.dominique-bobst.ch\/en\/wp-json\/wp\/v2\/media?parent=5846"}],"wp:term":[{"taxonomy":"category","embeddable":true,"href":"https:\/\/www.dominique-bobst.ch\/en\/wp-json\/wp\/v2\/categories?post=5846"},{"taxonomy":"post_tag","embeddable":true,"href":"https:\/\/www.dominique-bobst.ch\/en\/wp-json\/wp\/v2\/tags?post=5846"}],"curies":[{"name":"wp","href":"https:\/\/api.w.org\/{rel}","templated":true}]}}